{"id":165,"date":"2019-04-26T12:12:49","date_gmt":"2019-04-26T10:12:49","guid":{"rendered":"http:\/\/www.msc-bleialf.de\/?p=165"},"modified":"2023-02-02T10:40:38","modified_gmt":"2023-02-02T09:40:38","slug":"termine-2019","status":"publish","type":"post","link":"https:\/\/www.msc-bleialf.de\/?p=165","title":{"rendered":"Termine 2020"},"content":{"rendered":"\n<p>29.02.2020 &#8211; Jahrehauptversammlung<\/p>\n\n\n\n<p><s>13.04.2020 &#8211; Osterrallye 14:00h Hotel Zwicker\/Hell<\/s>  -abgesagt-<\/p>\n\n\n\n<p>3<s>0.08.2020 &#8211; Oldtimertreffen<\/s> -abgesagt-<\/p>\n\n\n\n<p><s>05.09.2020 &#8211; Vereinsausflug 2020<\/s>  -abgesagt-<\/p>\n\n\n\n<p><\/p>\n\n\n\n<blockquote class=\"wp-block-quote is-layout-flow wp-block-quote-is-layout-flow\"><p>Leider haben wir uns aufgrund der aktuellen Auflagen dazu verst\u00e4ndigt<br>unser Oldtimertreffen dieses Jahr abzusagen.<br>Wir bitten um Verst\u00e4ndnis f\u00fcr unsere Entscheidung und freuen uns<br>umso mehr auf ein Wiedersehen im n\u00e4chsten Jahr!<\/p><cite>Euer Vorstand des MSC-Bleialf<\/cite><\/blockquote>\n\n\n\n<figure class=\"wp-block-image size-large\"><img loading=\"lazy\" decoding=\"async\" width=\"559\" height=\"766\" src=\"https:\/\/www.msc-bleialf.de\/wp-content\/uploads\/2019\/04\/2020FlyerDINA6-Absage.jpg\" alt=\"\" class=\"wp-image-177\" srcset=\"https:\/\/www.msc-bleialf.de\/wp-content\/uploads\/2019\/04\/2020FlyerDINA6-Absage.jpg 559w, https:\/\/www.msc-bleialf.de\/wp-content\/uploads\/2019\/04\/2020FlyerDINA6-Absage-219x300.jpg 219w\" sizes=\"auto, (max-width: 559px) 100vw, 559px\" \/><\/figure>\n\n\n\n<p><\/p>\n","protected":false},"excerpt":{"rendered":"<p>29.02.2020 &#8211; Jahrehauptversammlung 13.04.2020 &#8211; Osterrallye 14:00h Hotel Zwicker\/Hell -abgesagt- 30.08.2020 &#8211; Oldtimertreffen -abgesagt- 05.09.2020 &#8211; Vereinsausflug 2020 -abgesagt- Leider haben wir uns aufgrund der aktuellen Auflagen dazu verst\u00e4ndigtunser Oldtimertreffen dieses Jahr abzusagen.Wir bitten um Verst\u00e4ndnis f\u00fcr unsere Entscheidung und freuen unsumso mehr auf ein Wiedersehen im n\u00e4chsten Jahr! Euer Vorstand des MSC-Bleialf<\/p>\n","protected":false},"author":1,"featured_media":0,"comment_status":"closed","ping_status":"open","sticky":false,"template":"","format":"aside","meta":{"footnotes":""},"categories":[3],"tags":[],"class_list":["post-165","post","type-post","status-publish","format-aside","hentry","category-termin","post_format-post-format-aside"],"_links":{"self":[{"href":"https:\/\/www.msc-bleialf.de\/index.php?rest_route=\/wp\/v2\/posts\/165","targetHints":{"allow":["GET"]}}],"collection":[{"href":"https:\/\/www.msc-bleialf.de\/index.php?rest_route=\/wp\/v2\/posts"}],"about":[{"href":"https:\/\/www.msc-bleialf.de\/index.php?rest_route=\/wp\/v2\/types\/post"}],"author":[{"embeddable":true,"href":"https:\/\/www.msc-bleialf.de\/index.php?rest_route=\/wp\/v2\/users\/1"}],"replies":[{"embeddable":true,"href":"https:\/\/www.msc-bleialf.de\/index.php?rest_route=%2Fwp%2Fv2%2Fcomments&post=165"}],"version-history":[{"count":7,"href":"https:\/\/www.msc-bleialf.de\/index.php?rest_route=\/wp\/v2\/posts\/165\/revisions"}],"predecessor-version":[{"id":180,"href":"https:\/\/www.msc-bleialf.de\/index.php?rest_route=\/wp\/v2\/posts\/165\/revisions\/180"}],"wp:attachment":[{"href":"https:\/\/www.msc-bleialf.de\/index.php?rest_route=%2Fwp%2Fv2%2Fmedia&parent=165"}],"wp:term":[{"taxonomy":"category","embeddable":true,"href":"https:\/\/www.msc-bleialf.de\/index.php?rest_route=%2Fwp%2Fv2%2Fcategories&post=165"},{"taxonomy":"post_tag","embeddable":true,"href":"https:\/\/www.msc-bleialf.de\/index.php?rest_route=%2Fwp%2Fv2%2Ftags&post=165"}],"curies":[{"name":"wp","href":"https:\/\/api.w.org\/{rel}","templated":true}]}}